{"id":399,"date":"2026-03-13T13:50:59","date_gmt":"2026-03-13T12:50:59","guid":{"rendered":"https:\/\/sudptt31.fr\/?p=399"},"modified":"2026-03-13T17:52:56","modified_gmt":"2026-03-13T16:52:56","slug":"orange-greve-en-afrique","status":"publish","type":"post","link":"https:\/\/sudptt31.fr\/index.php\/2026\/03\/13\/orange-greve-en-afrique\/","title":{"rendered":"Orange: Gr\u00e8ve en Afrique !"},"content":{"rendered":"\n<figure class=\"wp-block-image size-large\"><img loading=\"lazy\" decoding=\"async\" width=\"1024\" height=\"505\" src=\"https:\/\/sudptt31.fr\/wp-content\/uploads\/2026\/03\/Capture-decran-2026-03-04-185010-1024x505.png\" alt=\"\" class=\"wp-image-376\" srcset=\"https:\/\/sudptt31.fr\/wp-content\/uploads\/2026\/03\/Capture-decran-2026-03-04-185010-1024x505.png 1024w, https:\/\/sudptt31.fr\/wp-content\/uploads\/2026\/03\/Capture-decran-2026-03-04-185010-300x148.png 300w, https:\/\/sudptt31.fr\/wp-content\/uploads\/2026\/03\/Capture-decran-2026-03-04-185010-768x379.png 768w, https:\/\/sudptt31.fr\/wp-content\/uploads\/2026\/03\/Capture-decran-2026-03-04-185010.png 1054w\" sizes=\"auto, (max-width: 1024px) 100vw, 1024px\" \/><\/figure>\n\n\n\n<p>Orange a communiqu\u00e9 \u00e0 la presse les r\u00e9sultats en Afrique et au Moyen-Orient.<br>L&rsquo;Afrique et Moyen-Orient enregistrent une croissance \u00e0 deux chiffres  au 4\u00e8me trimestre 2025 (+11,2%), pour le 11\u00e8me trimestre cons\u00e9cutif.<br>Pour la sixi\u00e8me ann\u00e9e cons\u00e9cutive, l&rsquo;Afrique et Moyen-Orient enregistre une croissance \u00e0 deux chiffres de l&rsquo;EBITDA<sup data-fn=\"9e4e7b29-f4aa-4db3-869a-8a6ef1decc9d\" class=\"fn\"><a href=\"#9e4e7b29-f4aa-4db3-869a-8a6ef1decc9d\" id=\"9e4e7b29-f4aa-4db3-869a-8a6ef1decc9d-link\">1<\/a><\/sup>.<br>La base client est aussi en constance augmentation avec 14 millions de nouveaux clients en une ann\u00e9e.<\/p>\n\n\n\n<div class=\"wp-block-media-text is-stacked-on-mobile\"><figure class=\"wp-block-media-text__media\"><img loading=\"lazy\" decoding=\"async\" width=\"1024\" height=\"576\" src=\"https:\/\/sudptt31.fr\/wp-content\/uploads\/2026\/03\/Capture-decran-2026-03-04-184724-1024x576.png\" alt=\"\" class=\"wp-image-377 size-full\" srcset=\"https:\/\/sudptt31.fr\/wp-content\/uploads\/2026\/03\/Capture-decran-2026-03-04-184724-1024x576.png 1024w, https:\/\/sudptt31.fr\/wp-content\/uploads\/2026\/03\/Capture-decran-2026-03-04-184724-300x169.png 300w, https:\/\/sudptt31.fr\/wp-content\/uploads\/2026\/03\/Capture-decran-2026-03-04-184724-768x432.png 768w, https:\/\/sudptt31.fr\/wp-content\/uploads\/2026\/03\/Capture-decran-2026-03-04-184724.png 1276w\" sizes=\"auto, (max-width: 1024px) 100vw, 1024px\" \/><\/figure><div class=\"wp-block-media-text__content\">\n<p>Toutefois, malgr\u00e9 \u00ab\u00a0les tr\u00e8s bons r\u00e9sultats du plan Lead the Future sur les trois derni\u00e8res ann\u00e9es\u00a0\u00bb, le personnel d&rsquo;Orange Centrafrique a entam\u00e9 une gr\u00e8ve de trois jours.<br>Cette gr\u00e8ve \u00e0 Orange Centrafrique a rassembl\u00e9 de nombreux manifestants, ces derniers se plaignant de salaires trop bas et de conditions de travail intenables.<\/p>\n\n\n\n<p>En Afrique \u00e9galement, le Groupe Orange est tr\u00e8s loin de partager la volont\u00e9 de veiller \u00e0 la juste r\u00e9tribution des efforts de ses salari\u00e9s.<\/p>\n<\/div><\/div>\n\n\n\n<p>SUD-PTT t\u00e9moigne sa totale solidarit\u00e9 \u00e0 toutes les revendications pour une juste r\u00e9tribution du travail et des efforts dans tous les pays o\u00f9 Orange est pr\u00e9sent.<br><strong>On ne peut plus se contenter d&rsquo;obtenir des miettes. Il est temps qu\u2019une politique de partage des richesses soit mise en place \u00e0 Orange comme un peu partout ailleurs.<\/strong><\/p>\n\n\n<ol class=\"wp-block-footnotes\"><li id=\"9e4e7b29-f4aa-4db3-869a-8a6ef1decc9d\">L&rsquo;EBITDA est un indicateur financier qui mesure la rentabilit\u00e9 du cycle d\u2019exploitation d\u2019une entreprise, autrement dit son processus de production  <a href=\"#9e4e7b29-f4aa-4db3-869a-8a6ef1decc9d-link\" aria-label=\"Aller \u00e0 la note de bas de page 1\">\u21a9\ufe0e<\/a><\/li><\/ol>","protected":false},"excerpt":{"rendered":"<p>Malgr\u00e9 \u00ab\u00a0les tr\u00e8s bons r\u00e9sultats du plan Lead the Future sur les 3 derni\u00e8res ann\u00e9es\u00a0\u00bb, le personnel d&rsquo;Orange Centrafrique a entam\u00e9 une gr\u00e8ve de trois jours.<\/p>\n","protected":false},"author":8,"featured_media":377,"comment_status":"closed","ping_status":"open","sticky":false,"template":"","format":"standard","meta":{"footnotes":"[{\"content\":\"L'EBITDA est un indicateur financier qui mesure la rentabilit\u00e9 du cycle d\u2019exploitation d\u2019une entreprise, autrement dit son processus de production \",\"id\":\"9e4e7b29-f4aa-4db3-869a-8a6ef1decc9d\"}]"},"categories":[6],"tags":[17,16],"class_list":["post-399","post","type-post","status-publish","format-standard","has-post-thumbnail","hentry","category-telecom","tag-greve","tag-orange"],"yoast_head":"<!-- This site is optimized with the Yoast SEO plugin v27.5 - https:\/\/yoast.com\/product\/yoast-seo-wordpress\/ -->\n<title>Orange: Gr\u00e8ve en Afrique ! - SudPtt 31<\/title>\n<meta name=\"robots\" content=\"index, follow, max-snippet:-1, max-image-preview:large, max-video-preview:-1\" \/>\n<link rel=\"canonical\" href=\"https:\/\/sudptt31.fr\/index.php\/2026\/03\/13\/orange-greve-en-afrique\/\" \/>\n<meta property=\"og:locale\" content=\"fr_FR\" \/>\n<meta property=\"og:type\" content=\"article\" \/>\n<meta property=\"og:title\" content=\"Orange: Gr\u00e8ve en Afrique ! - SudPtt 31\" \/>\n<meta property=\"og:description\" content=\"Malgr\u00e9 &quot;les tr\u00e8s bons r\u00e9sultats du plan Lead the Future sur les 3 derni\u00e8res ann\u00e9es&quot;, le personnel d&#039;Orange Centrafrique a entam\u00e9 une gr\u00e8ve de trois jours.\" \/>\n<meta property=\"og:url\" content=\"https:\/\/sudptt31.fr\/index.php\/2026\/03\/13\/orange-greve-en-afrique\/\" \/>\n<meta property=\"og:site_name\" content=\"SudPtt 31\" \/>\n<meta property=\"article:publisher\" content=\"https:\/\/www.facebook.com\/syndicatsudptt31\" \/>\n<meta property=\"article:published_time\" content=\"2026-03-13T12:50:59+00:00\" \/>\n<meta property=\"article:modified_time\" content=\"2026-03-13T16:52:56+00:00\" \/>\n<meta property=\"og:image\" content=\"https:\/\/sudptt31.fr\/wp-content\/uploads\/2026\/03\/Capture-decran-2026-03-04-184724.png\" \/>\n\t<meta property=\"og:image:width\" content=\"1276\" \/>\n\t<meta property=\"og:image:height\" content=\"718\" \/>\n\t<meta property=\"og:image:type\" content=\"image\/png\" \/>\n<meta name=\"author\" content=\"D.F.\" \/>\n<meta name=\"twitter:card\" content=\"summary_large_image\" \/>\n<meta name=\"twitter:label1\" content=\"\u00c9crit par\" \/>\n\t<meta name=\"twitter:data1\" content=\"D.F.\" \/>\n\t<meta name=\"twitter:label2\" content=\"Dur\u00e9e de lecture estim\u00e9e\" \/>\n\t<meta name=\"twitter:data2\" content=\"2 minutes\" \/>\n<script type=\"application\/ld+json\" class=\"yoast-schema-graph\">{\"@context\":\"https:\\\/\\\/schema.org\",\"@graph\":[{\"@type\":\"Article\",\"@id\":\"https:\\\/\\\/sudptt31.fr\\\/index.php\\\/2026\\\/03\\\/13\\\/orange-greve-en-afrique\\\/#article\",\"isPartOf\":{\"@id\":\"https:\\\/\\\/sudptt31.fr\\\/index.php\\\/2026\\\/03\\\/13\\\/orange-greve-en-afrique\\\/\"},\"author\":{\"name\":\"D.F.\",\"@id\":\"https:\\\/\\\/sudptt31.fr\\\/#\\\/schema\\\/person\\\/cfd5b1005eaf00d4ce215ec3bacfa453\"},\"headline\":\"Orange: Gr\u00e8ve en Afrique !\",\"datePublished\":\"2026-03-13T12:50:59+00:00\",\"dateModified\":\"2026-03-13T16:52:56+00:00\",\"mainEntityOfPage\":{\"@id\":\"https:\\\/\\\/sudptt31.fr\\\/index.php\\\/2026\\\/03\\\/13\\\/orange-greve-en-afrique\\\/\"},\"wordCount\":214,\"publisher\":{\"@id\":\"https:\\\/\\\/sudptt31.fr\\\/#organization\"},\"image\":{\"@id\":\"https:\\\/\\\/sudptt31.fr\\\/index.php\\\/2026\\\/03\\\/13\\\/orange-greve-en-afrique\\\/#primaryimage\"},\"thumbnailUrl\":\"https:\\\/\\\/sudptt31.fr\\\/wp-content\\\/uploads\\\/2026\\\/03\\\/Capture-decran-2026-03-04-184724.png\",\"keywords\":[\"GREVE\",\"ORANGE\"],\"articleSection\":[\"TELECOM\"],\"inLanguage\":\"fr-FR\"},{\"@type\":\"WebPage\",\"@id\":\"https:\\\/\\\/sudptt31.fr\\\/index.php\\\/2026\\\/03\\\/13\\\/orange-greve-en-afrique\\\/\",\"url\":\"https:\\\/\\\/sudptt31.fr\\\/index.php\\\/2026\\\/03\\\/13\\\/orange-greve-en-afrique\\\/\",\"name\":\"Orange: Gr\u00e8ve en Afrique ! - SudPtt 31\",\"isPartOf\":{\"@id\":\"https:\\\/\\\/sudptt31.fr\\\/#website\"},\"primaryImageOfPage\":{\"@id\":\"https:\\\/\\\/sudptt31.fr\\\/index.php\\\/2026\\\/03\\\/13\\\/orange-greve-en-afrique\\\/#primaryimage\"},\"image\":{\"@id\":\"https:\\\/\\\/sudptt31.fr\\\/index.php\\\/2026\\\/03\\\/13\\\/orange-greve-en-afrique\\\/#primaryimage\"},\"thumbnailUrl\":\"https:\\\/\\\/sudptt31.fr\\\/wp-content\\\/uploads\\\/2026\\\/03\\\/Capture-decran-2026-03-04-184724.png\",\"datePublished\":\"2026-03-13T12:50:59+00:00\",\"dateModified\":\"2026-03-13T16:52:56+00:00\",\"breadcrumb\":{\"@id\":\"https:\\\/\\\/sudptt31.fr\\\/index.php\\\/2026\\\/03\\\/13\\\/orange-greve-en-afrique\\\/#breadcrumb\"},\"inLanguage\":\"fr-FR\",\"potentialAction\":[{\"@type\":\"ReadAction\",\"target\":[\"https:\\\/\\\/sudptt31.fr\\\/index.php\\\/2026\\\/03\\\/13\\\/orange-greve-en-afrique\\\/\"]}]},{\"@type\":\"ImageObject\",\"inLanguage\":\"fr-FR\",\"@id\":\"https:\\\/\\\/sudptt31.fr\\\/index.php\\\/2026\\\/03\\\/13\\\/orange-greve-en-afrique\\\/#primaryimage\",\"url\":\"https:\\\/\\\/sudptt31.fr\\\/wp-content\\\/uploads\\\/2026\\\/03\\\/Capture-decran-2026-03-04-184724.png\",\"contentUrl\":\"https:\\\/\\\/sudptt31.fr\\\/wp-content\\\/uploads\\\/2026\\\/03\\\/Capture-decran-2026-03-04-184724.png\",\"width\":1276,\"height\":718},{\"@type\":\"BreadcrumbList\",\"@id\":\"https:\\\/\\\/sudptt31.fr\\\/index.php\\\/2026\\\/03\\\/13\\\/orange-greve-en-afrique\\\/#breadcrumb\",\"itemListElement\":[{\"@type\":\"ListItem\",\"position\":1,\"name\":\"Accueil\",\"item\":\"https:\\\/\\\/sudptt31.fr\\\/\"},{\"@type\":\"ListItem\",\"position\":2,\"name\":\"Orange: Gr\u00e8ve en Afrique !\"}]},{\"@type\":\"WebSite\",\"@id\":\"https:\\\/\\\/sudptt31.fr\\\/#website\",\"url\":\"https:\\\/\\\/sudptt31.fr\\\/\",\"name\":\"SudPtt 31\",\"description\":\"Syndicat D\u00e9partemental Haute Garonne Poste Telecom P2ST\",\"publisher\":{\"@id\":\"https:\\\/\\\/sudptt31.fr\\\/#organization\"},\"potentialAction\":[{\"@type\":\"SearchAction\",\"target\":{\"@type\":\"EntryPoint\",\"urlTemplate\":\"https:\\\/\\\/sudptt31.fr\\\/?s={search_term_string}\"},\"query-input\":{\"@type\":\"PropertyValueSpecification\",\"valueRequired\":true,\"valueName\":\"search_term_string\"}}],\"inLanguage\":\"fr-FR\"},{\"@type\":\"Organization\",\"@id\":\"https:\\\/\\\/sudptt31.fr\\\/#organization\",\"name\":\"SudPtt 31\",\"url\":\"https:\\\/\\\/sudptt31.fr\\\/\",\"logo\":{\"@type\":\"ImageObject\",\"inLanguage\":\"fr-FR\",\"@id\":\"https:\\\/\\\/sudptt31.fr\\\/#\\\/schema\\\/logo\\\/image\\\/\",\"url\":\"https:\\\/\\\/sudptt31.fr\\\/wp-content\\\/uploads\\\/2025\\\/07\\\/cropped-SUD-PTT-300x159-1.webp\",\"contentUrl\":\"https:\\\/\\\/sudptt31.fr\\\/wp-content\\\/uploads\\\/2025\\\/07\\\/cropped-SUD-PTT-300x159-1.webp\",\"width\":300,\"height\":159,\"caption\":\"SudPtt 31\"},\"image\":{\"@id\":\"https:\\\/\\\/sudptt31.fr\\\/#\\\/schema\\\/logo\\\/image\\\/\"},\"sameAs\":[\"https:\\\/\\\/www.facebook.com\\\/syndicatsudptt31\"]},{\"@type\":\"Person\",\"@id\":\"https:\\\/\\\/sudptt31.fr\\\/#\\\/schema\\\/person\\\/cfd5b1005eaf00d4ce215ec3bacfa453\",\"name\":\"D.F.\",\"url\":\"https:\\\/\\\/sudptt31.fr\\\/index.php\\\/author\\\/davidf\\\/\"}]}<\/script>\n<!-- \/ Yoast SEO plugin. -->","yoast_head_json":{"title":"Orange: Gr\u00e8ve en Afrique ! - SudPtt 31","robots":{"index":"index","follow":"follow","max-snippet":"max-snippet:-1","max-image-preview":"max-image-preview:large","max-video-preview":"max-video-preview:-1"},"canonical":"https:\/\/sudptt31.fr\/index.php\/2026\/03\/13\/orange-greve-en-afrique\/","og_locale":"fr_FR","og_type":"article","og_title":"Orange: Gr\u00e8ve en Afrique ! - SudPtt 31","og_description":"Malgr\u00e9 \"les tr\u00e8s bons r\u00e9sultats du plan Lead the Future sur les 3 derni\u00e8res ann\u00e9es\", le personnel d'Orange Centrafrique a entam\u00e9 une gr\u00e8ve de trois jours.","og_url":"https:\/\/sudptt31.fr\/index.php\/2026\/03\/13\/orange-greve-en-afrique\/","og_site_name":"SudPtt 31","article_publisher":"https:\/\/www.facebook.com\/syndicatsudptt31","article_published_time":"2026-03-13T12:50:59+00:00","article_modified_time":"2026-03-13T16:52:56+00:00","og_image":[{"width":1276,"height":718,"url":"https:\/\/sudptt31.fr\/wp-content\/uploads\/2026\/03\/Capture-decran-2026-03-04-184724.png","type":"image\/png"}],"author":"D.F.","twitter_card":"summary_large_image","twitter_misc":{"\u00c9crit par":"D.F.","Dur\u00e9e de lecture estim\u00e9e":"2 minutes"},"schema":{"@context":"https:\/\/schema.org","@graph":[{"@type":"Article","@id":"https:\/\/sudptt31.fr\/index.php\/2026\/03\/13\/orange-greve-en-afrique\/#article","isPartOf":{"@id":"https:\/\/sudptt31.fr\/index.php\/2026\/03\/13\/orange-greve-en-afrique\/"},"author":{"name":"D.F.","@id":"https:\/\/sudptt31.fr\/#\/schema\/person\/cfd5b1005eaf00d4ce215ec3bacfa453"},"headline":"Orange: Gr\u00e8ve en Afrique !","datePublished":"2026-03-13T12:50:59+00:00","dateModified":"2026-03-13T16:52:56+00:00","mainEntityOfPage":{"@id":"https:\/\/sudptt31.fr\/index.php\/2026\/03\/13\/orange-greve-en-afrique\/"},"wordCount":214,"publisher":{"@id":"https:\/\/sudptt31.fr\/#organization"},"image":{"@id":"https:\/\/sudptt31.fr\/index.php\/2026\/03\/13\/orange-greve-en-afrique\/#primaryimage"},"thumbnailUrl":"https:\/\/sudptt31.fr\/wp-content\/uploads\/2026\/03\/Capture-decran-2026-03-04-184724.png","keywords":["GREVE","ORANGE"],"articleSection":["TELECOM"],"inLanguage":"fr-FR"},{"@type":"WebPage","@id":"https:\/\/sudptt31.fr\/index.php\/2026\/03\/13\/orange-greve-en-afrique\/","url":"https:\/\/sudptt31.fr\/index.php\/2026\/03\/13\/orange-greve-en-afrique\/","name":"Orange: Gr\u00e8ve en Afrique ! - SudPtt 31","isPartOf":{"@id":"https:\/\/sudptt31.fr\/#website"},"primaryImageOfPage":{"@id":"https:\/\/sudptt31.fr\/index.php\/2026\/03\/13\/orange-greve-en-afrique\/#primaryimage"},"image":{"@id":"https:\/\/sudptt31.fr\/index.php\/2026\/03\/13\/orange-greve-en-afrique\/#primaryimage"},"thumbnailUrl":"https:\/\/sudptt31.fr\/wp-content\/uploads\/2026\/03\/Capture-decran-2026-03-04-184724.png","datePublished":"2026-03-13T12:50:59+00:00","dateModified":"2026-03-13T16:52:56+00:00","breadcrumb":{"@id":"https:\/\/sudptt31.fr\/index.php\/2026\/03\/13\/orange-greve-en-afrique\/#breadcrumb"},"inLanguage":"fr-FR","potentialAction":[{"@type":"ReadAction","target":["https:\/\/sudptt31.fr\/index.php\/2026\/03\/13\/orange-greve-en-afrique\/"]}]},{"@type":"ImageObject","inLanguage":"fr-FR","@id":"https:\/\/sudptt31.fr\/index.php\/2026\/03\/13\/orange-greve-en-afrique\/#primaryimage","url":"https:\/\/sudptt31.fr\/wp-content\/uploads\/2026\/03\/Capture-decran-2026-03-04-184724.png","contentUrl":"https:\/\/sudptt31.fr\/wp-content\/uploads\/2026\/03\/Capture-decran-2026-03-04-184724.png","width":1276,"height":718},{"@type":"BreadcrumbList","@id":"https:\/\/sudptt31.fr\/index.php\/2026\/03\/13\/orange-greve-en-afrique\/#breadcrumb","itemListElement":[{"@type":"ListItem","position":1,"name":"Accueil","item":"https:\/\/sudptt31.fr\/"},{"@type":"ListItem","position":2,"name":"Orange: Gr\u00e8ve en Afrique !"}]},{"@type":"WebSite","@id":"https:\/\/sudptt31.fr\/#website","url":"https:\/\/sudptt31.fr\/","name":"SudPtt 31","description":"Syndicat D\u00e9partemental Haute Garonne Poste Telecom P2ST","publisher":{"@id":"https:\/\/sudptt31.fr\/#organization"},"potentialAction":[{"@type":"SearchAction","target":{"@type":"EntryPoint","urlTemplate":"https:\/\/sudptt31.fr\/?s={search_term_string}"},"query-input":{"@type":"PropertyValueSpecification","valueRequired":true,"valueName":"search_term_string"}}],"inLanguage":"fr-FR"},{"@type":"Organization","@id":"https:\/\/sudptt31.fr\/#organization","name":"SudPtt 31","url":"https:\/\/sudptt31.fr\/","logo":{"@type":"ImageObject","inLanguage":"fr-FR","@id":"https:\/\/sudptt31.fr\/#\/schema\/logo\/image\/","url":"https:\/\/sudptt31.fr\/wp-content\/uploads\/2025\/07\/cropped-SUD-PTT-300x159-1.webp","contentUrl":"https:\/\/sudptt31.fr\/wp-content\/uploads\/2025\/07\/cropped-SUD-PTT-300x159-1.webp","width":300,"height":159,"caption":"SudPtt 31"},"image":{"@id":"https:\/\/sudptt31.fr\/#\/schema\/logo\/image\/"},"sameAs":["https:\/\/www.facebook.com\/syndicatsudptt31"]},{"@type":"Person","@id":"https:\/\/sudptt31.fr\/#\/schema\/person\/cfd5b1005eaf00d4ce215ec3bacfa453","name":"D.F.","url":"https:\/\/sudptt31.fr\/index.php\/author\/davidf\/"}]}},"_links":{"self":[{"href":"https:\/\/sudptt31.fr\/index.php\/wp-json\/wp\/v2\/posts\/399","targetHints":{"allow":["GET"]}}],"collection":[{"href":"https:\/\/sudptt31.fr\/index.php\/wp-json\/wp\/v2\/posts"}],"about":[{"href":"https:\/\/sudptt31.fr\/index.php\/wp-json\/wp\/v2\/types\/post"}],"author":[{"embeddable":true,"href":"https:\/\/sudptt31.fr\/index.php\/wp-json\/wp\/v2\/users\/8"}],"replies":[{"embeddable":true,"href":"https:\/\/sudptt31.fr\/index.php\/wp-json\/wp\/v2\/comments?post=399"}],"version-history":[{"count":6,"href":"https:\/\/sudptt31.fr\/index.php\/wp-json\/wp\/v2\/posts\/399\/revisions"}],"predecessor-version":[{"id":411,"href":"https:\/\/sudptt31.fr\/index.php\/wp-json\/wp\/v2\/posts\/399\/revisions\/411"}],"wp:featuredmedia":[{"embeddable":true,"href":"https:\/\/sudptt31.fr\/index.php\/wp-json\/wp\/v2\/media\/377"}],"wp:attachment":[{"href":"https:\/\/sudptt31.fr\/index.php\/wp-json\/wp\/v2\/media?parent=399"}],"wp:term":[{"taxonomy":"category","embeddable":true,"href":"https:\/\/sudptt31.fr\/index.php\/wp-json\/wp\/v2\/categories?post=399"},{"taxonomy":"post_tag","embeddable":true,"href":"https:\/\/sudptt31.fr\/index.php\/wp-json\/wp\/v2\/tags?post=399"}],"curies":[{"name":"wp","href":"https:\/\/api.w.org\/{rel}","templated":true}]}}