{"id":378,"date":"2026-03-12T15:05:22","date_gmt":"2026-03-12T14:05:22","guid":{"rendered":"https:\/\/sudptt31.fr\/?p=378"},"modified":"2026-03-13T15:59:49","modified_gmt":"2026-03-13T14:59:49","slug":"une-pensee-emue-pour-charles-gallot","status":"publish","type":"post","link":"https:\/\/sudptt31.fr\/index.php\/2026\/03\/12\/une-pensee-emue-pour-charles-gallot\/","title":{"rendered":"Une pens\u00e9e \u00e9mue pour Charles Gallot"},"content":{"rendered":"\n<p>Suite au d\u00e9c\u00e8s de Charles Gallot, un de nos premiers camarades militant au sein de SUD PTT 31<br>et de Solidaires, le syndicat souhaite lui rendre un dernier hommage.<br>Son d\u00e9part laisse un grand vide mais son souvenir restera pr\u00e9sent dans nos m\u00e9moires.<\/p>\n\n\n\n<p>Nous adressons nos sinc\u00e8res condol\u00e9ances \u00e0 sa famille.<\/p>\n\n\n\n<p><\/p>\n","protected":false},"excerpt":{"rendered":"<p>Suite au d\u00e9c\u00e8s de Charles Gallot, le syndicat souhaite lui rendre un dernier hommage.<\/p>\n","protected":false},"author":8,"featured_media":0,"comment_status":"closed","ping_status":"open","sticky":false,"template":"","format":"standard","meta":{"footnotes":""},"categories":[19],"tags":[18],"class_list":["post-378","post","type-post","status-publish","format-standard","hentry","category-sud-ptt","tag-sud"],"yoast_head":"<!-- This site is optimized with the Yoast SEO plugin v27.5 - https:\/\/yoast.com\/product\/yoast-seo-wordpress\/ -->\n<title>Une pens\u00e9e \u00e9mue pour Charles Gallot - SudPtt 31<\/title>\n<meta name=\"robots\" content=\"index, follow, max-snippet:-1, max-image-preview:large, max-video-preview:-1\" \/>\n<link rel=\"canonical\" href=\"https:\/\/sudptt31.fr\/index.php\/2026\/03\/12\/une-pensee-emue-pour-charles-gallot\/\" \/>\n<meta property=\"og:locale\" content=\"fr_FR\" \/>\n<meta property=\"og:type\" content=\"article\" \/>\n<meta property=\"og:title\" content=\"Une pens\u00e9e \u00e9mue pour Charles Gallot - SudPtt 31\" \/>\n<meta property=\"og:description\" content=\"Suite au d\u00e9c\u00e8s de Charles Gallot, le syndicat souhaite lui rendre un dernier hommage.\" \/>\n<meta property=\"og:url\" content=\"https:\/\/sudptt31.fr\/index.php\/2026\/03\/12\/une-pensee-emue-pour-charles-gallot\/\" \/>\n<meta property=\"og:site_name\" content=\"SudPtt 31\" \/>\n<meta property=\"article:publisher\" content=\"https:\/\/www.facebook.com\/syndicatsudptt31\" \/>\n<meta property=\"article:published_time\" content=\"2026-03-12T14:05:22+00:00\" \/>\n<meta property=\"article:modified_time\" content=\"2026-03-13T14:59:49+00:00\" \/>\n<meta name=\"author\" content=\"D.F.\" \/>\n<meta name=\"twitter:card\" content=\"summary_large_image\" \/>\n<meta name=\"twitter:label1\" content=\"\u00c9crit par\" \/>\n\t<meta name=\"twitter:data1\" content=\"D.F.\" \/>\n\t<meta name=\"twitter:label2\" content=\"Dur\u00e9e de lecture estim\u00e9e\" \/>\n\t<meta name=\"twitter:data2\" content=\"1 minute\" \/>\n<script type=\"application\/ld+json\" class=\"yoast-schema-graph\">{\"@context\":\"https:\\\/\\\/schema.org\",\"@graph\":[{\"@type\":\"Article\",\"@id\":\"https:\\\/\\\/sudptt31.fr\\\/index.php\\\/2026\\\/03\\\/12\\\/une-pensee-emue-pour-charles-gallot\\\/#article\",\"isPartOf\":{\"@id\":\"https:\\\/\\\/sudptt31.fr\\\/index.php\\\/2026\\\/03\\\/12\\\/une-pensee-emue-pour-charles-gallot\\\/\"},\"author\":{\"name\":\"D.F.\",\"@id\":\"https:\\\/\\\/sudptt31.fr\\\/#\\\/schema\\\/person\\\/cfd5b1005eaf00d4ce215ec3bacfa453\"},\"headline\":\"Une pens\u00e9e \u00e9mue pour Charles Gallot\",\"datePublished\":\"2026-03-12T14:05:22+00:00\",\"dateModified\":\"2026-03-13T14:59:49+00:00\",\"mainEntityOfPage\":{\"@id\":\"https:\\\/\\\/sudptt31.fr\\\/index.php\\\/2026\\\/03\\\/12\\\/une-pensee-emue-pour-charles-gallot\\\/\"},\"wordCount\":63,\"publisher\":{\"@id\":\"https:\\\/\\\/sudptt31.fr\\\/#organization\"},\"keywords\":[\"SUD\"],\"articleSection\":[\"SUD PTT\"],\"inLanguage\":\"fr-FR\"},{\"@type\":\"WebPage\",\"@id\":\"https:\\\/\\\/sudptt31.fr\\\/index.php\\\/2026\\\/03\\\/12\\\/une-pensee-emue-pour-charles-gallot\\\/\",\"url\":\"https:\\\/\\\/sudptt31.fr\\\/index.php\\\/2026\\\/03\\\/12\\\/une-pensee-emue-pour-charles-gallot\\\/\",\"name\":\"Une pens\u00e9e \u00e9mue pour Charles Gallot - SudPtt 31\",\"isPartOf\":{\"@id\":\"https:\\\/\\\/sudptt31.fr\\\/#website\"},\"datePublished\":\"2026-03-12T14:05:22+00:00\",\"dateModified\":\"2026-03-13T14:59:49+00:00\",\"breadcrumb\":{\"@id\":\"https:\\\/\\\/sudptt31.fr\\\/index.php\\\/2026\\\/03\\\/12\\\/une-pensee-emue-pour-charles-gallot\\\/#breadcrumb\"},\"inLanguage\":\"fr-FR\",\"potentialAction\":[{\"@type\":\"ReadAction\",\"target\":[\"https:\\\/\\\/sudptt31.fr\\\/index.php\\\/2026\\\/03\\\/12\\\/une-pensee-emue-pour-charles-gallot\\\/\"]}]},{\"@type\":\"BreadcrumbList\",\"@id\":\"https:\\\/\\\/sudptt31.fr\\\/index.php\\\/2026\\\/03\\\/12\\\/une-pensee-emue-pour-charles-gallot\\\/#breadcrumb\",\"itemListElement\":[{\"@type\":\"ListItem\",\"position\":1,\"name\":\"Accueil\",\"item\":\"https:\\\/\\\/sudptt31.fr\\\/\"},{\"@type\":\"ListItem\",\"position\":2,\"name\":\"Une pens\u00e9e \u00e9mue pour Charles Gallot\"}]},{\"@type\":\"WebSite\",\"@id\":\"https:\\\/\\\/sudptt31.fr\\\/#website\",\"url\":\"https:\\\/\\\/sudptt31.fr\\\/\",\"name\":\"SudPtt 31\",\"description\":\"Syndicat D\u00e9partemental Haute Garonne Poste Telecom P2ST\",\"publisher\":{\"@id\":\"https:\\\/\\\/sudptt31.fr\\\/#organization\"},\"potentialAction\":[{\"@type\":\"SearchAction\",\"target\":{\"@type\":\"EntryPoint\",\"urlTemplate\":\"https:\\\/\\\/sudptt31.fr\\\/?s={search_term_string}\"},\"query-input\":{\"@type\":\"PropertyValueSpecification\",\"valueRequired\":true,\"valueName\":\"search_term_string\"}}],\"inLanguage\":\"fr-FR\"},{\"@type\":\"Organization\",\"@id\":\"https:\\\/\\\/sudptt31.fr\\\/#organization\",\"name\":\"SudPtt 31\",\"url\":\"https:\\\/\\\/sudptt31.fr\\\/\",\"logo\":{\"@type\":\"ImageObject\",\"inLanguage\":\"fr-FR\",\"@id\":\"https:\\\/\\\/sudptt31.fr\\\/#\\\/schema\\\/logo\\\/image\\\/\",\"url\":\"https:\\\/\\\/sudptt31.fr\\\/wp-content\\\/uploads\\\/2025\\\/07\\\/cropped-SUD-PTT-300x159-1.webp\",\"contentUrl\":\"https:\\\/\\\/sudptt31.fr\\\/wp-content\\\/uploads\\\/2025\\\/07\\\/cropped-SUD-PTT-300x159-1.webp\",\"width\":300,\"height\":159,\"caption\":\"SudPtt 31\"},\"image\":{\"@id\":\"https:\\\/\\\/sudptt31.fr\\\/#\\\/schema\\\/logo\\\/image\\\/\"},\"sameAs\":[\"https:\\\/\\\/www.facebook.com\\\/syndicatsudptt31\"]},{\"@type\":\"Person\",\"@id\":\"https:\\\/\\\/sudptt31.fr\\\/#\\\/schema\\\/person\\\/cfd5b1005eaf00d4ce215ec3bacfa453\",\"name\":\"D.F.\",\"url\":\"https:\\\/\\\/sudptt31.fr\\\/index.php\\\/author\\\/davidf\\\/\"}]}<\/script>\n<!-- \/ Yoast SEO plugin. -->","yoast_head_json":{"title":"Une pens\u00e9e \u00e9mue pour Charles Gallot - SudPtt 31","robots":{"index":"index","follow":"follow","max-snippet":"max-snippet:-1","max-image-preview":"max-image-preview:large","max-video-preview":"max-video-preview:-1"},"canonical":"https:\/\/sudptt31.fr\/index.php\/2026\/03\/12\/une-pensee-emue-pour-charles-gallot\/","og_locale":"fr_FR","og_type":"article","og_title":"Une pens\u00e9e \u00e9mue pour Charles Gallot - SudPtt 31","og_description":"Suite au d\u00e9c\u00e8s de Charles Gallot, le syndicat souhaite lui rendre un dernier hommage.","og_url":"https:\/\/sudptt31.fr\/index.php\/2026\/03\/12\/une-pensee-emue-pour-charles-gallot\/","og_site_name":"SudPtt 31","article_publisher":"https:\/\/www.facebook.com\/syndicatsudptt31","article_published_time":"2026-03-12T14:05:22+00:00","article_modified_time":"2026-03-13T14:59:49+00:00","author":"D.F.","twitter_card":"summary_large_image","twitter_misc":{"\u00c9crit par":"D.F.","Dur\u00e9e de lecture estim\u00e9e":"1 minute"},"schema":{"@context":"https:\/\/schema.org","@graph":[{"@type":"Article","@id":"https:\/\/sudptt31.fr\/index.php\/2026\/03\/12\/une-pensee-emue-pour-charles-gallot\/#article","isPartOf":{"@id":"https:\/\/sudptt31.fr\/index.php\/2026\/03\/12\/une-pensee-emue-pour-charles-gallot\/"},"author":{"name":"D.F.","@id":"https:\/\/sudptt31.fr\/#\/schema\/person\/cfd5b1005eaf00d4ce215ec3bacfa453"},"headline":"Une pens\u00e9e \u00e9mue pour Charles Gallot","datePublished":"2026-03-12T14:05:22+00:00","dateModified":"2026-03-13T14:59:49+00:00","mainEntityOfPage":{"@id":"https:\/\/sudptt31.fr\/index.php\/2026\/03\/12\/une-pensee-emue-pour-charles-gallot\/"},"wordCount":63,"publisher":{"@id":"https:\/\/sudptt31.fr\/#organization"},"keywords":["SUD"],"articleSection":["SUD PTT"],"inLanguage":"fr-FR"},{"@type":"WebPage","@id":"https:\/\/sudptt31.fr\/index.php\/2026\/03\/12\/une-pensee-emue-pour-charles-gallot\/","url":"https:\/\/sudptt31.fr\/index.php\/2026\/03\/12\/une-pensee-emue-pour-charles-gallot\/","name":"Une pens\u00e9e \u00e9mue pour Charles Gallot - SudPtt 31","isPartOf":{"@id":"https:\/\/sudptt31.fr\/#website"},"datePublished":"2026-03-12T14:05:22+00:00","dateModified":"2026-03-13T14:59:49+00:00","breadcrumb":{"@id":"https:\/\/sudptt31.fr\/index.php\/2026\/03\/12\/une-pensee-emue-pour-charles-gallot\/#breadcrumb"},"inLanguage":"fr-FR","potentialAction":[{"@type":"ReadAction","target":["https:\/\/sudptt31.fr\/index.php\/2026\/03\/12\/une-pensee-emue-pour-charles-gallot\/"]}]},{"@type":"BreadcrumbList","@id":"https:\/\/sudptt31.fr\/index.php\/2026\/03\/12\/une-pensee-emue-pour-charles-gallot\/#breadcrumb","itemListElement":[{"@type":"ListItem","position":1,"name":"Accueil","item":"https:\/\/sudptt31.fr\/"},{"@type":"ListItem","position":2,"name":"Une pens\u00e9e \u00e9mue pour Charles Gallot"}]},{"@type":"WebSite","@id":"https:\/\/sudptt31.fr\/#website","url":"https:\/\/sudptt31.fr\/","name":"SudPtt 31","description":"Syndicat D\u00e9partemental Haute Garonne Poste Telecom P2ST","publisher":{"@id":"https:\/\/sudptt31.fr\/#organization"},"potentialAction":[{"@type":"SearchAction","target":{"@type":"EntryPoint","urlTemplate":"https:\/\/sudptt31.fr\/?s={search_term_string}"},"query-input":{"@type":"PropertyValueSpecification","valueRequired":true,"valueName":"search_term_string"}}],"inLanguage":"fr-FR"},{"@type":"Organization","@id":"https:\/\/sudptt31.fr\/#organization","name":"SudPtt 31","url":"https:\/\/sudptt31.fr\/","logo":{"@type":"ImageObject","inLanguage":"fr-FR","@id":"https:\/\/sudptt31.fr\/#\/schema\/logo\/image\/","url":"https:\/\/sudptt31.fr\/wp-content\/uploads\/2025\/07\/cropped-SUD-PTT-300x159-1.webp","contentUrl":"https:\/\/sudptt31.fr\/wp-content\/uploads\/2025\/07\/cropped-SUD-PTT-300x159-1.webp","width":300,"height":159,"caption":"SudPtt 31"},"image":{"@id":"https:\/\/sudptt31.fr\/#\/schema\/logo\/image\/"},"sameAs":["https:\/\/www.facebook.com\/syndicatsudptt31"]},{"@type":"Person","@id":"https:\/\/sudptt31.fr\/#\/schema\/person\/cfd5b1005eaf00d4ce215ec3bacfa453","name":"D.F.","url":"https:\/\/sudptt31.fr\/index.php\/author\/davidf\/"}]}},"_links":{"self":[{"href":"https:\/\/sudptt31.fr\/index.php\/wp-json\/wp\/v2\/posts\/378","targetHints":{"allow":["GET"]}}],"collection":[{"href":"https:\/\/sudptt31.fr\/index.php\/wp-json\/wp\/v2\/posts"}],"about":[{"href":"https:\/\/sudptt31.fr\/index.php\/wp-json\/wp\/v2\/types\/post"}],"author":[{"embeddable":true,"href":"https:\/\/sudptt31.fr\/index.php\/wp-json\/wp\/v2\/users\/8"}],"replies":[{"embeddable":true,"href":"https:\/\/sudptt31.fr\/index.php\/wp-json\/wp\/v2\/comments?post=378"}],"version-history":[{"count":2,"href":"https:\/\/sudptt31.fr\/index.php\/wp-json\/wp\/v2\/posts\/378\/revisions"}],"predecessor-version":[{"id":380,"href":"https:\/\/sudptt31.fr\/index.php\/wp-json\/wp\/v2\/posts\/378\/revisions\/380"}],"wp:attachment":[{"href":"https:\/\/sudptt31.fr\/index.php\/wp-json\/wp\/v2\/media?parent=378"}],"wp:term":[{"taxonomy":"category","embeddable":true,"href":"https:\/\/sudptt31.fr\/index.php\/wp-json\/wp\/v2\/categories?post=378"},{"taxonomy":"post_tag","embeddable":true,"href":"https:\/\/sudptt31.fr\/index.php\/wp-json\/wp\/v2\/tags?post=378"}],"curies":[{"name":"wp","href":"https:\/\/api.w.org\/{rel}","templated":true}]}}